{"id":4015,"date":"2024-09-24T11:13:31","date_gmt":"2024-09-24T11:13:31","guid":{"rendered":"https:\/\/uniting.it\/?p=4015"},"modified":"2025-01-13T13:37:48","modified_gmt":"2025-01-13T13:37:48","slug":"il-momento-e-sacro-lavorare-creativamente-con-tempo-e-spazio-per-modellare-esperienze-tra-il-dire-e-il-fare","status":"publish","type":"post","link":"https:\/\/uniting.it\/eng\/il-momento-e-sacro-lavorare-creativamente-con-tempo-e-spazio-per-modellare-esperienze-tra-il-dire-e-il-fare\/","title":{"rendered":"Il momento \u00e8 sacro. Lavorare creativamente con tempo e spazio per modellare esperienze tra il dire e il fare."},"content":{"rendered":"<div class=\"wp-block-group\"><div class=\"wp-block-group__inner-container is-layout-constrained wp-block-group-is-layout-constrained\">\n<div class=\"wp-block-columns is-layout-flex wp-container-core-columns-is-layout-9d6595d7 wp-block-columns-is-layout-flex\">\n<div class=\"wp-block-column is-layout-flow wp-block-column-is-layout-flow\">\n<p class=\"has-text-align-center has-small-font-size\"><em>Edited by<strong> Marco Zambaldo<\/strong>, Executive Creative Strategy Director, ALL<\/em> <em>and <strong>Marco Mascheroni<\/strong><\/em>, <em> Executive Creative Director, ALL <\/em><\/p>\n\n\n\n<div style=\"height:25px\" aria-hidden=\"true\" class=\"wp-block-spacer\"><\/div>\n\n\n\n<h4 class=\"wp-block-heading\"><strong>The creative of moments, the creative of events.<\/strong><\/h4>\n\n\n\n<p>Creiamo momenti, dettagliamo momenti, modelliamo momenti, doniamo momenti, connettiamo momenti e mettiamo in fila diversi momenti. C\u2019\u00e8 un momento per dire e un momento per fare e tutti i momenti nel mezzo che hanno uguale importanza.<\/p>\n\n\n\n<p><strong>Creare e realizzare un momento che possa vivere nella dimensione spazio-tempo \u00e8 un lavoro.<\/strong><\/p>\n\n\n\n<p>Nelle varie \u201cScuole di Comunicazione\u201d sono nati vari corsi in \u201ceventi\u201d ma spesso la creativit\u00e0 \u00e8 vista come una parte del tutto da conoscere ma non come una professione a cui ambire. Allo stesso modo le \u201cScuole di Creativit\u00e0\u201d fanno nascere figure professionali per la comunicazione ma non c\u2019\u00e8 mai una chiara specializzazione per la parte creativa esperienziale.<\/p>\n<\/div>\n<\/div>\n<\/div><\/div>\n\n\n\n<p class=\"has-text-align-left\">La figura del creativo esperienziale d\u2019agenzia \u00e8 molto particolare. Pu\u00f2 venire dalle classiche classificazioni creative ma ha sfumature tutte sue.&nbsp;Non \u00e8 un creativo per eventi ma un creativo di eventi.<strong> The <em>\u201ccreativi per eventi\u201d<\/em> sono tutte quelle figure professionali che permetteranno la realizzazione di un evento e che il \u201ccreativo di eventi\u201d dovr\u00e0 incontrare, connettere, guidare e coordinare.<\/strong><\/p>\n\n\n\n<h5 class=\"wp-block-heading\">Un creativo esperienziale sa usare strategicamente l\u2019evento per creare piattaforme esperienziali per i brand.<\/h5>\n\n\n\n<figure class=\"wp-block-image size-large\"><img loading=\"lazy\" decoding=\"async\" width=\"1024\" height=\"724\" src=\"https:\/\/uniting.it\/wp-content\/uploads\/2024\/09\/pexels-berk-ozdemir-1761205-3779822-1024x724.jpg\" alt=\"\" class=\"wp-image-4022\"\/><\/figure>\n\n\n\n<div style=\"height:35px\" aria-hidden=\"true\" class=\"wp-block-spacer\"><\/div>\n\n\n\n<p class=\"has-text-align-center\">Spesso fa evolvere a livello esperienziale una piattaforma creativa o una campagna gi\u00e0 esistente inserendosi in un flusso di comunicazione pi\u00f9 ampio.<\/p>\n\n\n\n<p class=\"has-text-align-center\"><strong>An experiential creative knows what it means to make things in physical spaces.&nbsp; <\/strong><\/p>\n\n\n\n<p class=\"has-text-align-center\">Sa parlare al meglio con la produzione per modellare la fattibilit\u00e0 del momento.<\/p>\n\n\n\n<p class=\"has-text-align-center\">Conosce le leggi del territorio, le problematiche produttive, i flussi della citt\u00e0, le opportunit\u00e0 che permettono di realizzare idee.<\/p>\n\n\n\n<p class=\"has-text-align-center\">He\/she knows the technological innovations, materials and people who will be able to carry out the project. <\/p>\n\n\n\n<p class=\"has-text-align-center\">Sa riconoscere \u201cinsight esperienziali\u201d e ricreare situazioni in cui risolvere problemi quotidiani offrendo esperienze di brand e facendo vivere il consumo di prodotto.<\/p>\n\n\n\n<div style=\"height:7px\" aria-hidden=\"true\" class=\"wp-block-spacer\"><\/div>\n\n\n\n<p class=\"has-text-align-left\">Spesso non inventa niente di nuovo ma connette due idee gi\u00e0 realizzate.&nbsp;Sa anche che tutto quello che sta creando andr\u00e0 raccontato su altri canali, sa vedere dove c\u2019\u00e8 racconto per i social e sa anche come creare una notizia.<\/p>\n\n\n\n<p class=\"has-text-align-left\">Si \u00e8 parlato tanto di \u201cmoment marketing\u201d, \u201creal time marketing\u201d, \u201cmicro moments\u201d per utilizzare al meglio la contestualizzazione temporale della comunicazione. Anche noi crediamo in questo approccio ma la nostra capacit\u00e0 \u00e8 proprio quella di <strong>lavorare creativamente sul momento a livello esperienziale per cogliere ed esaltare il contesto ma valutando anche l\u2019opportunit\u00e0 di ribaltarlo completamente interrompendo schemi precostituiti nella nostra quotidianit\u00e0.<\/strong><\/p>\n\n\n\n<div class=\"wp-block-group\"><div class=\"wp-block-group__inner-container is-layout-constrained wp-block-group-is-layout-constrained\">\n<h5 class=\"wp-block-heading\">A moment often becomes memory when it detaches itself totally from the known.<\/h5>\n\n\n\n<p>Ok. Hai letto tutte queste parole.&nbsp;Se sei arrivato fino a questa riga vuol dire che l\u2019argomento ti interessa proprio<strong> and maybe you feel like a creative of moments too.&nbsp;&nbsp;<\/strong>Se \u00e8 cosi, mandaci un messaggio su Linkedin:<\/p>\n\n\n\n<p><em>Marco Zambaldo:<\/em> <a href=\"https:\/\/www.linkedin.com\/in\/marcozambaldo\">https:\/\/www.linkedin.com\/in\/marcozambaldo<\/a><\/p>\n\n\n\n<p><em>Marco Mascheroni:<\/em> <a href=\"https:\/\/www.linkedin.com\/in\/mmascheroni\">https:\/\/www.linkedin.com\/in\/mmascheroni<\/a><\/p>\n\n\n\n<h5 class=\"wp-block-heading\">The moment continues.<\/h5>\n<\/div><\/div>\n\n\n\n<div style=\"height:51px\" aria-hidden=\"true\" class=\"wp-block-spacer\"><\/div>","protected":false},"excerpt":{"rendered":"<p>[Editorial] Creiamo momenti, dettagliamo momenti, modelliamo momenti, doniamo momenti, connettiamo momenti e mettiamo in fila diversi momenti. C\u2019\u00e8 un momento per dire e un momento per fare e tutti i momenti nel mezzo che hanno uguale importanza.<\/p>\n","protected":false},"author":6,"featured_media":4022,"comment_status":"closed","ping_status":"closed","sticky":false,"template":"","format":"standard","meta":{"content-type":"","om_disable_all_campaigns":false,"footnotes":""},"categories":[1],"tags":[],"class_list":["post-4015","post","type-post","status-publish","format-standard","has-post-thumbnail","hentry","category-experience"],"acf":[],"_links":{"self":[{"href":"https:\/\/uniting.it\/eng\/wp-json\/wp\/v2\/posts\/4015","targetHints":{"allow":["GET"]}}],"collection":[{"href":"https:\/\/uniting.it\/eng\/wp-json\/wp\/v2\/posts"}],"about":[{"href":"https:\/\/uniting.it\/eng\/wp-json\/wp\/v2\/types\/post"}],"author":[{"embeddable":true,"href":"https:\/\/uniting.it\/eng\/wp-json\/wp\/v2\/users\/6"}],"replies":[{"embeddable":true,"href":"https:\/\/uniting.it\/eng\/wp-json\/wp\/v2\/comments?post=4015"}],"version-history":[{"count":1,"href":"https:\/\/uniting.it\/eng\/wp-json\/wp\/v2\/posts\/4015\/revisions"}],"predecessor-version":[{"id":4027,"href":"https:\/\/uniting.it\/eng\/wp-json\/wp\/v2\/posts\/4015\/revisions\/4027"}],"wp:featuredmedia":[{"embeddable":true,"href":"https:\/\/uniting.it\/eng\/wp-json\/wp\/v2\/media\/4022"}],"wp:attachment":[{"href":"https:\/\/uniting.it\/eng\/wp-json\/wp\/v2\/media?parent=4015"}],"wp:term":[{"taxonomy":"category","embeddable":true,"href":"https:\/\/uniting.it\/eng\/wp-json\/wp\/v2\/categories?post=4015"},{"taxonomy":"post_tag","embeddable":true,"href":"https:\/\/uniting.it\/eng\/wp-json\/wp\/v2\/tags?post=4015"}],"curies":[{"name":"wp","href":"https:\/\/api.w.org\/{rel}","templated":true}]}}